{"id":25835733,"date":"2025-10-04T15:41:02","date_gmt":"2025-10-04T15:41:02","guid":{"rendered":"https:\/\/dimensiondivertida.com\/2025\/10\/04\/el-banquet\/"},"modified":"2025-11-23T12:25:26","modified_gmt":"2025-11-23T12:25:26","slug":"el-banquet","status":"publish","type":"post","link":"https:\/\/dimensiondivertida.com\/ca\/el-banquet\/","title":{"rendered":"El Banquet"},"content":{"rendered":"\n<h2 class=\"wp-block-heading\">El cor de la celebraci\u00f3<\/h2>\n\n<p class=\"wp-block-paragraph\">El banquet \u00e9s el moment en qu\u00e8 tot s&#8217;atura per gaudir. \u00c9s el punt on l&#8217;emoci\u00f3 del \u201cs\u00ed, vull\u201d es converteix en brindis, rialles i complicitat al voltant de la taula.<\/p>\n\n<p class=\"wp-block-paragraph\">M\u00e9s enll\u00e0 de la gastronomia, el banquet \u00e9s <strong>el centre de l&#8217;experi\u00e8ncia emocional del dia<\/strong>, i la m\u00fasica torna a tenir un paper fonamental: mantenir l&#8217;ambient viu, sense restar protagonisme a les converses i discursos.<\/p>\n\n<hr class=\"wp-block-separator has-alpha-channel-opacity\"\/>\n\n<h3 class=\"wp-block-heading\">Introducci\u00f3<\/h3>\n\n<p class=\"wp-block-paragraph\">El banquet no \u00e9s nom\u00e9s el menjar: \u00e9s l&#8217;espai on es barregen an\u00e8cdotes, retrobaments i emocions.<br\/>Durant aquest tram, la m\u00fasica ha d&#8217;acompanyar de manera subtil, aportant calidesa sense interferir amb el so dels plats o les veus.<\/p>\n\n<p class=\"wp-block-paragraph\">**Consell r\u00e0pid:** aprofita els canvis de plat o els moments entre brindis per incloure petites transicions musicals que refresquin l&#8217;ambient.<\/p>\n\n<hr class=\"wp-block-separator has-alpha-channel-opacity\"\/>\n\n<h3 class=\"wp-block-heading\">El paper del DJ<\/h3>\n\n<p class=\"wp-block-paragraph\">Aqu\u00ed el DJ passa a un segon pla, per\u00f2 <strong>la seva pres\u00e8ncia continua sent crucial<\/strong>.<br\/>Controla els volums, equilibra les zones i tria la m\u00fasica adequada per a cada fase:<\/p>\n\n<ul class=\"wp-block-list\">\n<li>Tons suaus i elegants a l&#8217;inici.<\/li>\n\n\n\n<li>Can\u00e7ons m\u00e9s alegres en els brindis.<\/li>\n\n\n\n<li>R\u00edtmes amb m\u00e9s energia en acostar-se les postres.<\/li>\n<\/ul>\n\n<p class=\"wp-block-paragraph\">Un bon DJ sap com sostenir l&#8217;atenci\u00f3 sense imposar-se, creant un fil invisible que connecta tots els moments.<\/p>\n\n<hr class=\"wp-block-separator has-alpha-channel-opacity\"\/>\n\n<h3 class=\"wp-block-heading\">Estils recomanats<\/h3>\n\n<ul class=\"wp-block-list\">\n<li><em>Jazz i swing instrumental<\/em> per a un toc elegant.<\/li>\n\n\n\n<li><em>Pop ac\u00fastic o indie suau<\/em> per a casaments moderns.<\/li>\n\n\n\n<li><em>Soul i bossa nova<\/em> per a ambients m\u00e9s c\u00e0lids i relaxats.<\/li>\n\n\n\n<li><em>Temes rom\u00e0ntics o versions suaus<\/em> per als moments clau (entrades, brindis, tall de past\u00eds).<\/li>\n<\/ul>\n\n<hr class=\"wp-block-separator has-alpha-channel-opacity\"\/>\n\n<h3 class=\"wp-block-heading\">Coordinaci\u00f3 amb el servei<\/h3>\n\n<p class=\"wp-block-paragraph\">La sincronitzaci\u00f3 \u00e9s essencial.<br\/>El DJ o t\u00e8cnic de so s&#8217;ha de coordinar amb el ma\u00eetre o l&#8217;equip de sala per saber quan entren plats, discursos o sorpreses.<br\/>Una entrada musical en el moment just pot convertir un brindis en un record inoblidable.<\/p>\n\n<hr class=\"wp-block-separator has-alpha-channel-opacity\"\/>\n\n<h3 class=\"wp-block-heading\">Llista de comprovaci\u00f3 expr\u00e9s<\/h3>\n\n<ul class=\"wp-block-list\">\n<li>Equip de so ajustat per a l&#8217;espai interior.<\/li>\n\n\n\n<li>Repertori adaptat a cada fase del banquet.<\/li>\n\n\n\n<li>Coordinaci\u00f3 amb cuina i ma\u00eetre.<\/li>\n\n\n\n<li>Volum controlat i equilibri entre zones.<\/li>\n\n\n\n<li>Llista de can\u00e7ons clau (entrada, brindis, past\u00eds, transici\u00f3 cap a la festa).<\/li>\n<\/ul>\n\n<hr class=\"wp-block-separator has-alpha-channel-opacity\"\/>\n\n<h3 class=\"wp-block-heading\">Conclusi\u00f3<\/h3>\n\n<p class=\"wp-block-paragraph\">El banquet \u00e9s on es crea la connexi\u00f3 emocional m\u00e9s profunda del casament.<br\/>Una m\u00fasica ben triada no es nota, per\u00f2 se sent: dona ritme a les converses, envolta els moments importants i mant\u00e9 l\u2019energia alta sense envair.<br\/><\/p>\n\n<p class=\"wp-block-paragraph\">\ud83c\udfb5 <em>Perqu\u00e8 al banquet no nom\u00e9s es menja\u2026 tamb\u00e9 es viu.<\/em><br\/><\/p>\n","protected":false},"excerpt":{"rendered":"<p>El banquet \u00e9s el moment en qu\u00e8 tot s&#8217;atura per gaudir, on l&#8217;emoci\u00f3 del \u201cs\u00ed, vull\u201d es converteix en brindis, rialles i complicitat al voltant de la taula&#8230;<\/p>\n","protected":false},"author":4,"featured_media":25835734,"comment_status":"closed","ping_status":"closed","sticky":false,"template":"","format":"standard","meta":{"_et_pb_use_builder":"off","_et_pb_old_content":"","_et_gb_content_width":"","footnotes":""},"categories":[81],"tags":[],"class_list":["post-25835733","post","type-post","status-publish","format-standard","has-post-thumbnail","hentry","category-les-fases-dun-casament"],"_links":{"self":[{"href":"https:\/\/dimensiondivertida.com\/ca\/wp-json\/wp\/v2\/posts\/25835733","targetHints":{"allow":["GET"]}}],"collection":[{"href":"https:\/\/dimensiondivertida.com\/ca\/wp-json\/wp\/v2\/posts"}],"about":[{"href":"https:\/\/dimensiondivertida.com\/ca\/wp-json\/wp\/v2\/types\/post"}],"author":[{"embeddable":true,"href":"https:\/\/dimensiondivertida.com\/ca\/wp-json\/wp\/v2\/users\/4"}],"replies":[{"embeddable":true,"href":"https:\/\/dimensiondivertida.com\/ca\/wp-json\/wp\/v2\/comments?post=25835733"}],"version-history":[{"count":1,"href":"https:\/\/dimensiondivertida.com\/ca\/wp-json\/wp\/v2\/posts\/25835733\/revisions"}],"predecessor-version":[{"id":25835735,"href":"https:\/\/dimensiondivertida.com\/ca\/wp-json\/wp\/v2\/posts\/25835733\/revisions\/25835735"}],"wp:featuredmedia":[{"embeddable":true,"href":"https:\/\/dimensiondivertida.com\/ca\/wp-json\/wp\/v2\/media\/25835734"}],"wp:attachment":[{"href":"https:\/\/dimensiondivertida.com\/ca\/wp-json\/wp\/v2\/media?parent=25835733"}],"wp:term":[{"taxonomy":"category","embeddable":true,"href":"https:\/\/dimensiondivertida.com\/ca\/wp-json\/wp\/v2\/categories?post=25835733"},{"taxonomy":"post_tag","embeddable":true,"href":"https:\/\/dimensiondivertida.com\/ca\/wp-json\/wp\/v2\/tags?post=25835733"}],"curies":[{"name":"wp","href":"https:\/\/api.w.org\/{rel}","templated":true}]}}